{"id":11442,"date":"2020-07-22T00:00:00","date_gmt":"2020-07-21T22:00:00","guid":{"rendered":"https:\/\/dev.campusfounders.de\/unkategorisiert\/janna-linke-in-der-schule-wird-man-zum-angestellten-erzogen-nicht-zum-unternehmer\/"},"modified":"2022-03-03T15:24:00","modified_gmt":"2022-03-03T14:24:00","slug":"janna-linke-in-der-schule-wird-man-zum-angestellten-erzogen-nicht-zum-unternehmer","status":"publish","type":"post","link":"https:\/\/campusfounders.de\/de\/community-de\/janna-linke-in-der-schule-wird-man-zum-angestellten-erzogen-nicht-zum-unternehmer\/","title":{"rendered":"Janna Linke: \u201cIn der Schule wird man zum Angestellten erzogen, nicht zum Unternehmer!\u201d"},"content":{"rendered":"<p>Regelm\u00e4\u00dfig sprechen wir mit bekannten Gesichtern aus den Bereichen Entrepreneurship und Innovation und holen so die pers\u00f6nlichen Meinungen der wahren Experten ein. Eine spannende Sicht auf die Entwicklung unserer Wirtschaft und die Verbindung zur Startup-Kultur bietet auch dieses Interview. <\/p>\n<p><strong>Janna Linke ist bei ntv und der deutschen TV-Landschaft insgesamt das Gesicht f\u00fcr Neuigkeiten und Stories aus der Startup-Welt: F\u00fcr die &#8222;Startup News&#8220; und das &#8222;Startup Magazin&#8220; berichtet sie regelm\u00e4\u00dfig \u00fcber Jungunternehmen und neu denkende Gr\u00fcnder*innen und hat als eine der ersten TV-Journalisten das Thema &#8222;Startup&#8220; im Wirtschaftsressort etabliert. Kein Startup kommt an ihr vorbei, wenn es um PR und gro\u00dfe \u00d6ffentlichkeiten geht.<\/strong><\/p>\n<p>Sie ist absolute Expertin und nimmt uns mit in ihre Sicht \u00fcber das Zusammenspiel in der Wirtschaftswelt: Wie ist der Fortschritt unseres unternehmerischen Mindset? Wie lassen sich Startups in System eingliedern und warum gr\u00fcnden eigentlich Frauen seltener als M\u00e4nner? Wir freuen uns \u00fcber die wertvollen Einblicke von Janna, die ihr hier im Interview erleben k\u00f6nnt.<\/p>\n<p><strong>Liebe Janna, du begleitest die Startup-Szene schon seit vielen Jahren. Was besch\u00e4ftigt dich aktuell pers\u00f6nlich am meisten, welche Trends nimmst du insgesamt wahr?<\/strong><\/p>\n<p>Die vergangenen Wochen und Monate waren nat\u00fcrlich gepr\u00e4gt durch die Corona-Krise. Das hat die deutsche Startup-Szene so vorher noch nie erlebt und vor ihre bislang gr\u00f6\u00dfte Herausforderung gestellt. Was sich dadurch gezeigt hat: Wie kreativ und relevant die Szene ist. Auf der einen Seite haben Startups durch digitale L\u00f6sungen geholfen das gesellschaftliche Leben an vielen Stellen am Laufen zu halten. Videokonferenzen, digitales Lernen, Einlassampeln f\u00fcr Superm\u00e4rkte sind nur ein paar Beispiele. Davon wird uns auch nach Corona noch einiges erhalten bleiben. Auf der anderen Seite haben viele Startups, deren Gesch\u00e4ftsmodell durch Corona bedroht war, schnell gehandelt und einen Pivot hingelegt, also ihr Gesch\u00e4ftsmodell radikal ge\u00e4ndert. Das hat mich sehr beeindruckt und mich optimistisch gestimmt f\u00fcr die Zeit nach Corona.<\/p>\n<p><strong>F\u00fcr viele Menschen sind Startups Experimente, die Jungs und M\u00e4dels als Lifestyle durchziehen und Millionen an Risikokapital verschlingen. Wie ordnest du Startups in die Wirtschaft und Gesellschaft ein?<\/strong><\/p>\n<p>Das sehe ich definitiv anders. Gr\u00fcnder*in sein hat erstmal jahrelang nicht viel Glamour\u00f6ses an sich. Es ist harte Arbeit, verschlingt viel Zeit und klar auch Geld. Die meisten Gr\u00fcnder*innen, die ich getroffen habe, machen das aus tiefster \u00dcberzeugung der Idee gegen\u00fcber, erst danach kommt der finanzielle Aspekt. Generell haben Startups mittlerweile einen festen Platz in der Gesellschaft und Wirtschaft. Fast jeder Gro\u00dfkonzern arbeitet mit ihnen zusammen, um von ihrer Schnelligkeit, Kreativit\u00e4t und klar auch Coolness zu profitieren. Startups haben sich Wachstum auf die Fahnen geschrieben und schaffen so viele neue Arbeitspl\u00e4tze. Sie entwickeln sich immer mehr zum Jobmotor der deutschen Wirtschaft. Das hat der Deutsche Startup Monitor 2019 gezeigt. Ich bin zuversichtlich, dass das auch in diesem Jahr trotz der Corona-Krise so bleibt.<\/p>\n<p><strong>Viele Gr\u00fcnder*innen zieht es noch in die europ\u00e4ischen Metropolen. Welche Rolle bzw. welche Relevanz entwickeln Fl\u00e4chenregionen aus deiner Sicht im Moment?<\/strong><\/p>\n<p>Sie werden immer relevanter. Mittelst\u00e4ndler entdecken nach und nach das Potenzial, welches in der Zusammenarbeit mit Startups stecken kann. Altes Geld trifft auf neue Ideen. Das kann eine sehr erfolgreiche Kombination sein. Was mir aufgefallen ist: Startups mit B2B-Fokus trifft man eher in Fl\u00e4chenregionen, Startups mit B2C-Gesch\u00e4ftsmodell eher in den Metropolen an.&nbsp;&nbsp;&nbsp;<\/p>\n<figure class=\"wp-block-image size-large\"><img decoding=\"async\" src=\"https:\/\/dev.campusfounders.de\/wp-content\/uploads\/2022\/02\/2-768x1024.jpg\" alt=\"\" class=\"wp-image-4134\"\/><figcaption>Janna Linke mit Nico Rosberg, Co-Founder GreenTech Festival &amp; Co-Owner TRE Vehicle Dynamics<\/figcaption><\/figure>\n<p><strong>Die Campus Founders sieht sich als ganzheitliche \u201cMindsetschmiede\u201d f\u00fcr Unternehmertum und verfolgt das Credo, dass jeder Mensch lernen kann unternehmerisch zu handeln. Was denkst du dazu?<\/strong><\/p>\n<p>\u2026 dass man Unternehmer sein definitiv in gewisser Weise lernen kann. Ich finde es toll, dass die Campus Founders dabei nicht nur auf die Basics wie Business-Plan schreiben, den Markt analysieren etc. schaut, sondern auch am Mindset der jeweiligen Person arbeitet. Das ist n\u00e4mlich etwas was in Deutschland noch viel zu kurz kommt. W\u00e4hrend der Schulzeit wird man eher zum zuk\u00fcnftigen Angestellten erzogen als zum Unternehmer.<\/p>\n<p><strong>Wie bewertest du nach deiner Erfahrung die Zusammenarbeit und Kooperation zwischen Mittelst\u00e4ndlern und Startups? Welche Potenziale, aber auch welche Risiken siehst du?<\/strong><\/p>\n<p>Es hat schon eine Zeit lang gedauert bis sich Mittelstand und Startups angen\u00e4hert haben. Da treffen aber eben auch zwei Welten aufeinander. Die Digitalisierung hat ihren Teil dazu beigetragen das zu beschleunigen. Viele Mittelst\u00e4ndler haben die Dringlichkeit erkannt und setzen auf das Know-How von Startups. Gr\u00fcnder*innen k\u00f6nnen wiederum das Geld der Old-Economy gut gebrauchen. Klar kommt es da auch zu Reibereien, weil eben komplett unterschiedliche Arbeitsweisen aufeinandertreffen. Meine Erfahrung aus Gespr\u00e4chen sowohl mit Mittelst\u00e4ndlern als auch mit Gr\u00fcnder*innen hat aber gezeigt, dass es gut funktioniert. Das Ganze ist ja auch irgendwie alternativlos. Der Mittelstand ist das R\u00fcckgrat der deutschen Wirtschaft und das kann er nur bleiben, wenn er sich der neuen digitalen Zeit anpasst.<\/p>\n<p><strong>Der neue Startup-Trend geht in Richtung \u201cZebras\u201d. Sie wollen wirtschaftlich erfolgreich sein und verbessern nachhaltig die Gesellschaft. Zebra-Startups schaffen Win-Win-Situationen und erm\u00f6glichen fl\u00e4chendeckend Wohlstand, im Gegensatz zu vielen Unicorns, die ein Monopol einnehmen wollen. Wie bewertest du diese Entwicklung, auch die Campus Founders setzen darauf?<\/strong><\/p>\n<p>Nachhaltige Ideen sind auch wirtschaftlich oftmals nachhaltiger. Das hat sich gerade jetzt in der Corona-Krise gezeigt. Die Weltwirtschaft funktioniert nur mit einem ganzheitlichen Ansatz. Innovation, Verantwortung und Nachhaltigkeit bilden dabei das Fundament: Sie st\u00e4rken das Immunsystem der \u00d6konomie, die sogenannte \u201eResilienz\u201c. Genau diese Widerstandsf\u00e4higkeit braucht man in Krisen wie der Corona-Pandemie.&nbsp;&nbsp;<\/p>\n<p><strong>Weiterhin gilt: Viele Frauen scheuen sich vor dem Weg in die Gr\u00fcndung. Was denkst du, woran das liegt?<\/strong><\/p>\n<p>Genau zu diesem Thema habe ich vor einem Jahr eine lange Reportage gedreht. Seitdem hat sich leider nicht viel ver\u00e4ndert. Laut Female Founders Monitor lag der Anteil an Startup-Gr\u00fcnderinnen in Deutschland 2019 bei 15,1 Prozent. In diesem Jahr sind es 15,7 Prozent. Ein minimaler Anstieg. Dass so wenig Frauen gr\u00fcnden hat zwei Hauptgr\u00fcnde: Zum einen gibt es immer noch diese typischen Rollenklischees in den K\u00f6pfen. Frauen bleiben eher zu Hause und der Mann verdient das Geld. Frauen haben deshalb oftmals Angst Startup und Familie nicht unter einen Hut zu bekommen und lassen es dann lieber. Der zweite Punkt ist das Thema Geld. Investoren stecken deutlich weniger Geld in weiblich gef\u00fchrte Startups als in m\u00e4nnlich gef\u00fchrte. Das haben Studien ergeben. Investoren sind meist auch m\u00e4nnlich und die schreiben Frauen tats\u00e4chlich weniger F\u00e4higkeiten im Bezug auf wirtschaftliche und technische F\u00e4higkeiten zu und geben ihnen weniger Geld. Das schreckt nat\u00fcrlich ab.<\/p>\n<figure class=\"wp-block-image size-large\"><img decoding=\"async\" src=\"https:\/\/dev.campusfounders.de\/wp-content\/uploads\/2022\/02\/3.jpg\" alt=\"\" class=\"wp-image-4136\"\/><figcaption>Janna Linke im Interview mit Lea Sophie Cramer, Co-Founder von Amorelie<\/figcaption><\/figure>\n<p><strong>Denkst du, dass Startups immer werteorientierter werden?<\/strong><\/p>\n<p>Ich denke ja. Das gilt aber nicht nur f\u00fcr Startups, sondern f\u00fcr die gesamte Wirtschaft. Produkte und Dienstleistungen, die keinen gesellschaftlichen Mehrwert haben werden es in Zukunft schwer haben. Der Verbraucher fordert das mittlerweile ein. Auch innerhalb der Arbeitsstruktur von Startups wird Werteorientiertheit immer wichtiger. Stichwort Mitarbeiterbeteiligungen. Sie dienen als Anerkennung f\u00fcr pers\u00f6nliche Leistungen, f\u00f6rdern die Identifikation mit dem Startup und sind eine finanzielle Kompensation f\u00fcr die vergleichsweise geringen Geh\u00e4lter.<\/p>\n<p><strong>Letzte Frage mit gro\u00dfen Horizont: Was denkst du, wo liegt Deutschland insgesamt im \u201cdigital race\u201d, insbesondere im Vergleich zu den USA oder Asien?<\/strong><\/p>\n<p>Uns fehlt es an Geschwindigkeit. Denn dieses Rennen ist extrem schnell. Schaut man sich die zehn wertvollsten Aktiengesellschaften der Welt an, sind gleich sieben davon Konzerne mit einem digitalen Gesch\u00e4ftsmodell. Keine davon kommt aus Deutschland. SAP gilt als letztes international erfolgreiches deutsches Technik-Start-up. Nachwuchs? Fehlanzeige! Es fehlt in Deutschland vor allem an Wagniskapital. Geld, das junge Unternehmen in der teuren Anfangsphase eben brauchen, um m\u00f6glichst schnell zu wachsen, konkurrenzf\u00e4hig zu sein und auch international mithalten zu k\u00f6nnen. Asien und die USA sind uns da deutlich voraus. Auch im Bereich Gr\u00fcnder-Mindset. Der Ansatz der Campus Founders ist also ein erster Schritt in die richtige Richtung.<\/p>\n<p><strong>Vielen Dank, liebe Janna f\u00fcr die klaren Worte. Wir sind froh, dass es immer mehr Experten gibt, die f\u00fcr die Startup-Welt von Morgen einsteht. Wir k\u00f6nnen uns damit sehr gut identifizieren denn wir haben dasselbe Ziel: Das Mindset nachhaltig hin zu mehr Unternehmensgeist ver\u00e4ndern. Die MINDSET-SCHMIEDE der Campus Founders hat genau das zum gr\u00f6\u00dften Ziel, mit der festen \u00dcberzeugung, dass jeder Mensch lernen kann unternehmerisch zu handeln. <\/strong><\/p>\n<p><strong>Du m\u00f6chtest nicht verpassen, was bei den Campus Founders los ist? Folge uns in den sozialen Medien oder melde Dich direkt zu unserem Newsletter an!<\/strong><\/p>\n<p><a href=\"https:\/\/campusfounders.de\/de\/stay-in-the-loop\/\">Melde dich direkt<strong> hier zum Newsletter<\/strong> an!<\/a><\/p>\n","protected":false},"excerpt":{"rendered":"<p>Regelm\u00e4\u00dfig sprechen wir mit bekannten Gesichtern aus den Bereichen Entrepreneurship und Innovation und holen so die pers\u00f6nlichen Meinungen der wahren Experten ein. Eine spannende Sicht auf die Entwicklung unserer Wirtschaft und die Verbindung zur Startup-Kultur bietet auch dieses Interview. Janna Linke ist bei ntv und der deutschen TV-Landschaft insgesamt das Gesicht f\u00fcr Neuigkeiten und Stories [&hellip;]<\/p>\n","protected":false},"author":5,"featured_media":10912,"comment_status":"closed","ping_status":"closed","sticky":false,"template":"","format":"standard","meta":{"inline_featured_image":false,"footnotes":""},"categories":[109,120],"tags":[],"class_list":["post-11442","post","type-post","status-publish","format-standard","has-post-thumbnail","hentry","category-community-de","category-talent-de"],"yoast_head":"<!-- This site is optimized with the Yoast SEO plugin v27.4 - https:\/\/yoast.com\/product\/yoast-seo-wordpress\/ -->\n<title>Janna Linke: \u201cIn der Schule wird man zum Angestellten erzogen, nicht zum Unternehmer!\u201d - Campus Founders<\/title>\n<meta name=\"robots\" content=\"index, follow, max-snippet:-1, max-image-preview:large, max-video-preview:-1\" \/>\n<link rel=\"canonical\" href=\"https:\/\/campusfounders.de\/de\/community-de\/janna-linke-in-der-schule-wird-man-zum-angestellten-erzogen-nicht-zum-unternehmer\/\" \/>\n<meta property=\"og:locale\" content=\"de_DE\" \/>\n<meta property=\"og:type\" content=\"article\" \/>\n<meta property=\"og:title\" content=\"Janna Linke: \u201cIn der Schule wird man zum Angestellten erzogen, nicht zum Unternehmer!\u201d - Campus Founders\" \/>\n<meta property=\"og:description\" content=\"Regelm\u00e4\u00dfig sprechen wir mit bekannten Gesichtern aus den Bereichen Entrepreneurship und Innovation und holen so die pers\u00f6nlichen Meinungen der wahren Experten ein. Eine spannende Sicht auf die Entwicklung unserer Wirtschaft und die Verbindung zur Startup-Kultur bietet auch dieses Interview. Janna Linke ist bei ntv und der deutschen TV-Landschaft insgesamt das Gesicht f\u00fcr Neuigkeiten und Stories [&hellip;]\" \/>\n<meta property=\"og:url\" content=\"https:\/\/campusfounders.de\/de\/community-de\/janna-linke-in-der-schule-wird-man-zum-angestellten-erzogen-nicht-zum-unternehmer\/\" \/>\n<meta property=\"og:site_name\" content=\"Campus Founders\" \/>\n<meta property=\"article:published_time\" content=\"2020-07-21T22:00:00+00:00\" \/>\n<meta property=\"article:modified_time\" content=\"2022-03-03T14:24:00+00:00\" \/>\n<meta property=\"og:image\" content=\"https:\/\/campusfounders.de\/wp-content\/uploads\/2022\/02\/Facetune_03-04-2019-14-32-38-scaled-1.jpg\" \/>\n\t<meta property=\"og:image:width\" content=\"2048\" \/>\n\t<meta property=\"og:image:height\" content=\"1365\" \/>\n\t<meta property=\"og:image:type\" content=\"image\/jpeg\" \/>\n<meta name=\"author\" content=\"Bulent Evren\" \/>\n<meta name=\"twitter:card\" content=\"summary_large_image\" \/>\n<meta name=\"twitter:label1\" content=\"Verfasst von\" \/>\n\t<meta name=\"twitter:data1\" content=\"Bulent Evren\" \/>\n\t<meta name=\"twitter:label2\" content=\"Gesch\u00e4tzte Lesezeit\" \/>\n\t<meta name=\"twitter:data2\" content=\"7\u00a0Minuten\" \/>\n<script type=\"application\/ld+json\" class=\"yoast-schema-graph\">{\"@context\":\"https:\\\/\\\/schema.org\",\"@graph\":[{\"@type\":\"Article\",\"@id\":\"https:\\\/\\\/campusfounders.de\\\/de\\\/community-de\\\/janna-linke-in-der-schule-wird-man-zum-angestellten-erzogen-nicht-zum-unternehmer\\\/#article\",\"isPartOf\":{\"@id\":\"https:\\\/\\\/campusfounders.de\\\/de\\\/community-de\\\/janna-linke-in-der-schule-wird-man-zum-angestellten-erzogen-nicht-zum-unternehmer\\\/\"},\"author\":{\"name\":\"Bulent Evren\",\"@id\":\"https:\\\/\\\/campusfounders.de\\\/de\\\/#\\\/schema\\\/person\\\/f11847165b2e1d4b8e2bbfda87d2fc13\"},\"headline\":\"Janna Linke: \u201cIn der Schule wird man zum Angestellten erzogen, nicht zum Unternehmer!\u201d\",\"datePublished\":\"2020-07-21T22:00:00+00:00\",\"dateModified\":\"2022-03-03T14:24:00+00:00\",\"mainEntityOfPage\":{\"@id\":\"https:\\\/\\\/campusfounders.de\\\/de\\\/community-de\\\/janna-linke-in-der-schule-wird-man-zum-angestellten-erzogen-nicht-zum-unternehmer\\\/\"},\"wordCount\":1448,\"publisher\":{\"@id\":\"https:\\\/\\\/campusfounders.de\\\/de\\\/#organization\"},\"image\":{\"@id\":\"https:\\\/\\\/campusfounders.de\\\/de\\\/community-de\\\/janna-linke-in-der-schule-wird-man-zum-angestellten-erzogen-nicht-zum-unternehmer\\\/#primaryimage\"},\"thumbnailUrl\":\"https:\\\/\\\/campusfounders.de\\\/wp-content\\\/uploads\\\/2022\\\/02\\\/Facetune_03-04-2019-14-32-38-scaled-1.jpg\",\"articleSection\":[\"Community\",\"Talent\"],\"inLanguage\":\"de\"},{\"@type\":\"WebPage\",\"@id\":\"https:\\\/\\\/campusfounders.de\\\/de\\\/community-de\\\/janna-linke-in-der-schule-wird-man-zum-angestellten-erzogen-nicht-zum-unternehmer\\\/\",\"url\":\"https:\\\/\\\/campusfounders.de\\\/de\\\/community-de\\\/janna-linke-in-der-schule-wird-man-zum-angestellten-erzogen-nicht-zum-unternehmer\\\/\",\"name\":\"Janna Linke: \u201cIn der Schule wird man zum Angestellten erzogen, nicht zum Unternehmer!\u201d - Campus Founders\",\"isPartOf\":{\"@id\":\"https:\\\/\\\/campusfounders.de\\\/de\\\/#website\"},\"primaryImageOfPage\":{\"@id\":\"https:\\\/\\\/campusfounders.de\\\/de\\\/community-de\\\/janna-linke-in-der-schule-wird-man-zum-angestellten-erzogen-nicht-zum-unternehmer\\\/#primaryimage\"},\"image\":{\"@id\":\"https:\\\/\\\/campusfounders.de\\\/de\\\/community-de\\\/janna-linke-in-der-schule-wird-man-zum-angestellten-erzogen-nicht-zum-unternehmer\\\/#primaryimage\"},\"thumbnailUrl\":\"https:\\\/\\\/campusfounders.de\\\/wp-content\\\/uploads\\\/2022\\\/02\\\/Facetune_03-04-2019-14-32-38-scaled-1.jpg\",\"datePublished\":\"2020-07-21T22:00:00+00:00\",\"dateModified\":\"2022-03-03T14:24:00+00:00\",\"breadcrumb\":{\"@id\":\"https:\\\/\\\/campusfounders.de\\\/de\\\/community-de\\\/janna-linke-in-der-schule-wird-man-zum-angestellten-erzogen-nicht-zum-unternehmer\\\/#breadcrumb\"},\"inLanguage\":\"de\",\"potentialAction\":[{\"@type\":\"ReadAction\",\"target\":[\"https:\\\/\\\/campusfounders.de\\\/de\\\/community-de\\\/janna-linke-in-der-schule-wird-man-zum-angestellten-erzogen-nicht-zum-unternehmer\\\/\"]}]},{\"@type\":\"ImageObject\",\"inLanguage\":\"de\",\"@id\":\"https:\\\/\\\/campusfounders.de\\\/de\\\/community-de\\\/janna-linke-in-der-schule-wird-man-zum-angestellten-erzogen-nicht-zum-unternehmer\\\/#primaryimage\",\"url\":\"https:\\\/\\\/campusfounders.de\\\/wp-content\\\/uploads\\\/2022\\\/02\\\/Facetune_03-04-2019-14-32-38-scaled-1.jpg\",\"contentUrl\":\"https:\\\/\\\/campusfounders.de\\\/wp-content\\\/uploads\\\/2022\\\/02\\\/Facetune_03-04-2019-14-32-38-scaled-1.jpg\",\"width\":2048,\"height\":1365},{\"@type\":\"BreadcrumbList\",\"@id\":\"https:\\\/\\\/campusfounders.de\\\/de\\\/community-de\\\/janna-linke-in-der-schule-wird-man-zum-angestellten-erzogen-nicht-zum-unternehmer\\\/#breadcrumb\",\"itemListElement\":[{\"@type\":\"ListItem\",\"position\":1,\"name\":\"Community\",\"item\":\"https:\\\/\\\/campusfounders.de\\\/de\\\/category\\\/community-de\\\/\"},{\"@type\":\"ListItem\",\"position\":2,\"name\":\"Janna Linke: \u201cIn der Schule wird man zum Angestellten erzogen, nicht zum Unternehmer!\u201d\"}]},{\"@type\":\"WebSite\",\"@id\":\"https:\\\/\\\/campusfounders.de\\\/de\\\/#website\",\"url\":\"https:\\\/\\\/campusfounders.de\\\/de\\\/\",\"name\":\"Campus Founders\",\"description\":\"Home Of Entrepreneurs &amp; Innovators\",\"publisher\":{\"@id\":\"https:\\\/\\\/campusfounders.de\\\/de\\\/#organization\"},\"potentialAction\":[{\"@type\":\"SearchAction\",\"target\":{\"@type\":\"EntryPoint\",\"urlTemplate\":\"https:\\\/\\\/campusfounders.de\\\/de\\\/?s={search_term_string}\"},\"query-input\":{\"@type\":\"PropertyValueSpecification\",\"valueRequired\":true,\"valueName\":\"search_term_string\"}}],\"inLanguage\":\"de\"},{\"@type\":\"Organization\",\"@id\":\"https:\\\/\\\/campusfounders.de\\\/de\\\/#organization\",\"name\":\"Campus Founders\",\"url\":\"https:\\\/\\\/campusfounders.de\\\/de\\\/\",\"logo\":{\"@type\":\"ImageObject\",\"inLanguage\":\"de\",\"@id\":\"https:\\\/\\\/campusfounders.de\\\/de\\\/#\\\/schema\\\/logo\\\/image\\\/\",\"url\":\"https:\\\/\\\/campusfounders.de\\\/wp-content\\\/uploads\\\/2021\\\/09\\\/Logo-CMYK-Original.svg\",\"contentUrl\":\"https:\\\/\\\/campusfounders.de\\\/wp-content\\\/uploads\\\/2021\\\/09\\\/Logo-CMYK-Original.svg\",\"width\":1591,\"height\":247,\"caption\":\"Campus Founders\"},\"image\":{\"@id\":\"https:\\\/\\\/campusfounders.de\\\/de\\\/#\\\/schema\\\/logo\\\/image\\\/\"}},{\"@type\":\"Person\",\"@id\":\"https:\\\/\\\/campusfounders.de\\\/de\\\/#\\\/schema\\\/person\\\/f11847165b2e1d4b8e2bbfda87d2fc13\",\"name\":\"Bulent Evren\",\"image\":{\"@type\":\"ImageObject\",\"inLanguage\":\"de\",\"@id\":\"https:\\\/\\\/secure.gravatar.com\\\/avatar\\\/101c7f65872a17fd7fb0102f42cb3372f8fbf04d3648b0a3d0ca780edff68479?s=96&d=mm&r=g\",\"url\":\"https:\\\/\\\/secure.gravatar.com\\\/avatar\\\/101c7f65872a17fd7fb0102f42cb3372f8fbf04d3648b0a3d0ca780edff68479?s=96&d=mm&r=g\",\"contentUrl\":\"https:\\\/\\\/secure.gravatar.com\\\/avatar\\\/101c7f65872a17fd7fb0102f42cb3372f8fbf04d3648b0a3d0ca780edff68479?s=96&d=mm&r=g\",\"caption\":\"Bulent Evren\"}}]}<\/script>\n<!-- \/ Yoast SEO plugin. -->","yoast_head_json":{"title":"Janna Linke: \u201cIn der Schule wird man zum Angestellten erzogen, nicht zum Unternehmer!\u201d - Campus Founders","robots":{"index":"index","follow":"follow","max-snippet":"max-snippet:-1","max-image-preview":"max-image-preview:large","max-video-preview":"max-video-preview:-1"},"canonical":"https:\/\/campusfounders.de\/de\/community-de\/janna-linke-in-der-schule-wird-man-zum-angestellten-erzogen-nicht-zum-unternehmer\/","og_locale":"de_DE","og_type":"article","og_title":"Janna Linke: \u201cIn der Schule wird man zum Angestellten erzogen, nicht zum Unternehmer!\u201d - Campus Founders","og_description":"Regelm\u00e4\u00dfig sprechen wir mit bekannten Gesichtern aus den Bereichen Entrepreneurship und Innovation und holen so die pers\u00f6nlichen Meinungen der wahren Experten ein. Eine spannende Sicht auf die Entwicklung unserer Wirtschaft und die Verbindung zur Startup-Kultur bietet auch dieses Interview. Janna Linke ist bei ntv und der deutschen TV-Landschaft insgesamt das Gesicht f\u00fcr Neuigkeiten und Stories [&hellip;]","og_url":"https:\/\/campusfounders.de\/de\/community-de\/janna-linke-in-der-schule-wird-man-zum-angestellten-erzogen-nicht-zum-unternehmer\/","og_site_name":"Campus Founders","article_published_time":"2020-07-21T22:00:00+00:00","article_modified_time":"2022-03-03T14:24:00+00:00","og_image":[{"width":2048,"height":1365,"url":"https:\/\/campusfounders.de\/wp-content\/uploads\/2022\/02\/Facetune_03-04-2019-14-32-38-scaled-1.jpg","type":"image\/jpeg"}],"author":"Bulent Evren","twitter_card":"summary_large_image","twitter_misc":{"Verfasst von":"Bulent Evren","Gesch\u00e4tzte Lesezeit":"7\u00a0Minuten"},"schema":{"@context":"https:\/\/schema.org","@graph":[{"@type":"Article","@id":"https:\/\/campusfounders.de\/de\/community-de\/janna-linke-in-der-schule-wird-man-zum-angestellten-erzogen-nicht-zum-unternehmer\/#article","isPartOf":{"@id":"https:\/\/campusfounders.de\/de\/community-de\/janna-linke-in-der-schule-wird-man-zum-angestellten-erzogen-nicht-zum-unternehmer\/"},"author":{"name":"Bulent Evren","@id":"https:\/\/campusfounders.de\/de\/#\/schema\/person\/f11847165b2e1d4b8e2bbfda87d2fc13"},"headline":"Janna Linke: \u201cIn der Schule wird man zum Angestellten erzogen, nicht zum Unternehmer!\u201d","datePublished":"2020-07-21T22:00:00+00:00","dateModified":"2022-03-03T14:24:00+00:00","mainEntityOfPage":{"@id":"https:\/\/campusfounders.de\/de\/community-de\/janna-linke-in-der-schule-wird-man-zum-angestellten-erzogen-nicht-zum-unternehmer\/"},"wordCount":1448,"publisher":{"@id":"https:\/\/campusfounders.de\/de\/#organization"},"image":{"@id":"https:\/\/campusfounders.de\/de\/community-de\/janna-linke-in-der-schule-wird-man-zum-angestellten-erzogen-nicht-zum-unternehmer\/#primaryimage"},"thumbnailUrl":"https:\/\/campusfounders.de\/wp-content\/uploads\/2022\/02\/Facetune_03-04-2019-14-32-38-scaled-1.jpg","articleSection":["Community","Talent"],"inLanguage":"de"},{"@type":"WebPage","@id":"https:\/\/campusfounders.de\/de\/community-de\/janna-linke-in-der-schule-wird-man-zum-angestellten-erzogen-nicht-zum-unternehmer\/","url":"https:\/\/campusfounders.de\/de\/community-de\/janna-linke-in-der-schule-wird-man-zum-angestellten-erzogen-nicht-zum-unternehmer\/","name":"Janna Linke: \u201cIn der Schule wird man zum Angestellten erzogen, nicht zum Unternehmer!\u201d - Campus Founders","isPartOf":{"@id":"https:\/\/campusfounders.de\/de\/#website"},"primaryImageOfPage":{"@id":"https:\/\/campusfounders.de\/de\/community-de\/janna-linke-in-der-schule-wird-man-zum-angestellten-erzogen-nicht-zum-unternehmer\/#primaryimage"},"image":{"@id":"https:\/\/campusfounders.de\/de\/community-de\/janna-linke-in-der-schule-wird-man-zum-angestellten-erzogen-nicht-zum-unternehmer\/#primaryimage"},"thumbnailUrl":"https:\/\/campusfounders.de\/wp-content\/uploads\/2022\/02\/Facetune_03-04-2019-14-32-38-scaled-1.jpg","datePublished":"2020-07-21T22:00:00+00:00","dateModified":"2022-03-03T14:24:00+00:00","breadcrumb":{"@id":"https:\/\/campusfounders.de\/de\/community-de\/janna-linke-in-der-schule-wird-man-zum-angestellten-erzogen-nicht-zum-unternehmer\/#breadcrumb"},"inLanguage":"de","potentialAction":[{"@type":"ReadAction","target":["https:\/\/campusfounders.de\/de\/community-de\/janna-linke-in-der-schule-wird-man-zum-angestellten-erzogen-nicht-zum-unternehmer\/"]}]},{"@type":"ImageObject","inLanguage":"de","@id":"https:\/\/campusfounders.de\/de\/community-de\/janna-linke-in-der-schule-wird-man-zum-angestellten-erzogen-nicht-zum-unternehmer\/#primaryimage","url":"https:\/\/campusfounders.de\/wp-content\/uploads\/2022\/02\/Facetune_03-04-2019-14-32-38-scaled-1.jpg","contentUrl":"https:\/\/campusfounders.de\/wp-content\/uploads\/2022\/02\/Facetune_03-04-2019-14-32-38-scaled-1.jpg","width":2048,"height":1365},{"@type":"BreadcrumbList","@id":"https:\/\/campusfounders.de\/de\/community-de\/janna-linke-in-der-schule-wird-man-zum-angestellten-erzogen-nicht-zum-unternehmer\/#breadcrumb","itemListElement":[{"@type":"ListItem","position":1,"name":"Community","item":"https:\/\/campusfounders.de\/de\/category\/community-de\/"},{"@type":"ListItem","position":2,"name":"Janna Linke: \u201cIn der Schule wird man zum Angestellten erzogen, nicht zum Unternehmer!\u201d"}]},{"@type":"WebSite","@id":"https:\/\/campusfounders.de\/de\/#website","url":"https:\/\/campusfounders.de\/de\/","name":"Campus Founders","description":"Home Of Entrepreneurs &amp; Innovators","publisher":{"@id":"https:\/\/campusfounders.de\/de\/#organization"},"potentialAction":[{"@type":"SearchAction","target":{"@type":"EntryPoint","urlTemplate":"https:\/\/campusfounders.de\/de\/?s={search_term_string}"},"query-input":{"@type":"PropertyValueSpecification","valueRequired":true,"valueName":"search_term_string"}}],"inLanguage":"de"},{"@type":"Organization","@id":"https:\/\/campusfounders.de\/de\/#organization","name":"Campus Founders","url":"https:\/\/campusfounders.de\/de\/","logo":{"@type":"ImageObject","inLanguage":"de","@id":"https:\/\/campusfounders.de\/de\/#\/schema\/logo\/image\/","url":"https:\/\/campusfounders.de\/wp-content\/uploads\/2021\/09\/Logo-CMYK-Original.svg","contentUrl":"https:\/\/campusfounders.de\/wp-content\/uploads\/2021\/09\/Logo-CMYK-Original.svg","width":1591,"height":247,"caption":"Campus Founders"},"image":{"@id":"https:\/\/campusfounders.de\/de\/#\/schema\/logo\/image\/"}},{"@type":"Person","@id":"https:\/\/campusfounders.de\/de\/#\/schema\/person\/f11847165b2e1d4b8e2bbfda87d2fc13","name":"Bulent Evren","image":{"@type":"ImageObject","inLanguage":"de","@id":"https:\/\/secure.gravatar.com\/avatar\/101c7f65872a17fd7fb0102f42cb3372f8fbf04d3648b0a3d0ca780edff68479?s=96&d=mm&r=g","url":"https:\/\/secure.gravatar.com\/avatar\/101c7f65872a17fd7fb0102f42cb3372f8fbf04d3648b0a3d0ca780edff68479?s=96&d=mm&r=g","contentUrl":"https:\/\/secure.gravatar.com\/avatar\/101c7f65872a17fd7fb0102f42cb3372f8fbf04d3648b0a3d0ca780edff68479?s=96&d=mm&r=g","caption":"Bulent Evren"}}]}},"_links":{"self":[{"href":"https:\/\/campusfounders.de\/de\/wp-json\/wp\/v2\/posts\/11442","targetHints":{"allow":["GET"]}}],"collection":[{"href":"https:\/\/campusfounders.de\/de\/wp-json\/wp\/v2\/posts"}],"about":[{"href":"https:\/\/campusfounders.de\/de\/wp-json\/wp\/v2\/types\/post"}],"author":[{"embeddable":true,"href":"https:\/\/campusfounders.de\/de\/wp-json\/wp\/v2\/users\/5"}],"replies":[{"embeddable":true,"href":"https:\/\/campusfounders.de\/de\/wp-json\/wp\/v2\/comments?post=11442"}],"version-history":[{"count":1,"href":"https:\/\/campusfounders.de\/de\/wp-json\/wp\/v2\/posts\/11442\/revisions"}],"predecessor-version":[{"id":14930,"href":"https:\/\/campusfounders.de\/de\/wp-json\/wp\/v2\/posts\/11442\/revisions\/14930"}],"wp:featuredmedia":[{"embeddable":true,"href":"https:\/\/campusfounders.de\/de\/wp-json\/wp\/v2\/media\/10912"}],"wp:attachment":[{"href":"https:\/\/campusfounders.de\/de\/wp-json\/wp\/v2\/media?parent=11442"}],"wp:term":[{"taxonomy":"category","embeddable":true,"href":"https:\/\/campusfounders.de\/de\/wp-json\/wp\/v2\/categories?post=11442"},{"taxonomy":"post_tag","embeddable":true,"href":"https:\/\/campusfounders.de\/de\/wp-json\/wp\/v2\/tags?post=11442"}],"curies":[{"name":"wp","href":"https:\/\/api.w.org\/{rel}","templated":true}]}}